{"id":35085,"__str__":"Requerimento n\u00ba 102 de 2023 | Proposi\u00e7\u00e3o apresentada em Plen\u00e1rio | 20/07/2023","link_detail_backend":"/materia/tramitacao/35085","metadata":{},"timestamp":"2023-07-21T14:30:22.033948-03:00","data_tramitacao":"2023-07-20","data_encaminhamento":null,"urgente":false,"turno":"","texto":"","data_fim_prazo":null,"ip":"186.192.8.84","ultima_edicao":"2023-07-21T14:30:21.711144-03:00","status":11,"materia":6046,"unidade_tramitacao_local":7,"unidade_tramitacao_destino":4,"user":10}