{"id":34921,"__str__":"Requerimento n\u00ba 95 de 2023 | Proposi\u00e7\u00e3o apresentada em Plen\u00e1rio | 06/07/2023","link_detail_backend":"/materia/tramitacao/34921","metadata":{},"timestamp":"2023-07-18T13:16:12.206805-03:00","data_tramitacao":"2023-07-06","data_encaminhamento":null,"urgente":false,"turno":"","texto":"","data_fim_prazo":null,"ip":"186.192.8.84","ultima_edicao":"2023-07-18T13:16:11.408058-03:00","status":11,"materia":5971,"unidade_tramitacao_local":7,"unidade_tramitacao_destino":4,"user":16}