{"id":8925,"__str__":"Mo\u00e7\u00e3o n\u00ba 264 de 2025","link_detail_backend":"/materia/8925","metadata":{},"numero":264,"ano":2025,"numero_protocolo":null,"data_apresentacao":"2025-09-30","tipo_apresentacao":"E","data_publicacao":null,"numero_origem_externa":"","ano_origem_externa":null,"data_origem_externa":null,"apelido":"","dias_prazo":null,"data_fim_prazo":null,"em_tramitacao":true,"polemica":false,"objeto":"","complementar":false,"ementa":"MO\u00c7\u00c3O DE PESAR \u00e0 fam\u00edlia pelo falecimento do advogado, veterin\u00e1rio e professor universit\u00e1rio Dr. Alexander Lacerda Chequer, ocorrido em 30 de setembro de 2025.","indexacao":"","observacao":"","resultado":"","texto_original":"http://sapl.manhuacu.mg.leg.br/media/sapl/public/materialegislativa/2025/8925/mocao_264-2025.pdf","data_ultima_atualizacao":"2025-10-20T17:28:40.663533-03:00","ip":"186.235.218.202","ultima_edicao":"2025-10-20T17:28:40.542013-03:00","tipo":5,"regime_tramitacao":1,"tipo_origem_externa":null,"local_origem_externa":null,"user":37,"anexadas":[],"autores":[65]}