{"id":8842,"__str__":"Projeto de Lei n\u00ba 84 de 2025","link_detail_backend":"/materia/8842","metadata":{"signs":{"texto_original":{"admin":[],"autores":[["Marcelino de Jesus Dornelas",["2025-09-02T18:14:57-03:00","ICP-Brasil - AC SyngularID Multipla"]]]}}},"numero":84,"ano":2025,"numero_protocolo":591,"data_apresentacao":"2025-09-03","tipo_apresentacao":"E","data_publicacao":null,"numero_origem_externa":"","ano_origem_externa":null,"data_origem_externa":null,"apelido":"","dias_prazo":null,"data_fim_prazo":null,"em_tramitacao":false,"polemica":false,"objeto":"","complementar":false,"ementa":"Disp\u00f5e sobre a inclus\u00e3o do evento gospel \u201cSom da Reforma\u201d no Calend\u00e1rio Oficial de Eventos Culturais do Munic\u00edpio de Manhua\u00e7u e d\u00e1 outras\r\nprovid\u00eancias.","indexacao":"","observacao":"","resultado":"","texto_original":"http://sapl.manhuacu.mg.leg.br/media/sapl/public/materialegislativa/2025/8842/pl_-_som_da_reforma.pdf","data_ultima_atualizacao":"2025-10-28T17:39:26.414940-03:00","ip":"189.89.24.74","ultima_edicao":"2025-09-03T12:33:01.379486-03:00","tipo":8,"regime_tramitacao":1,"tipo_origem_externa":null,"local_origem_externa":null,"user":9,"anexadas":[],"autores":[81]}