{"id":8379,"__str__":"Indica\u00e7\u00e3o n\u00ba 290 de 2025","link_detail_backend":"/materia/8379","metadata":{},"numero":290,"ano":2025,"numero_protocolo":null,"data_apresentacao":"2025-06-02","tipo_apresentacao":"E","data_publicacao":null,"numero_origem_externa":"","ano_origem_externa":null,"data_origem_externa":null,"apelido":"","dias_prazo":null,"data_fim_prazo":null,"em_tramitacao":false,"polemica":false,"objeto":"","complementar":false,"ementa":"Indica o contato da Prefeitura de Manhua\u00e7u, atrav\u00e9s da Secretaria Municipal de Desenvolvimento Sustent\u00e1vel junto ao Minist\u00e9rio do Meio Ambiente e Mudan\u00e7a do Clima do governo federal, a fim de viabilizar a participa\u00e7\u00e3o de produtores de caf\u00e9 do munic\u00edpio em programa de concess\u00e3o de recursos financeiros vinculados \u00e0 comercializa\u00e7\u00e3o de cr\u00e9ditos de carbono, considerando o potencial de captura e redu\u00e7\u00e3o de emiss\u00f5es promovida pela atividade em propriedades rurais.","indexacao":"","observacao":"","resultado":"","texto_original":null,"data_ultima_atualizacao":"2025-06-10T16:41:56.921659-03:00","ip":"138.118.237.243","ultima_edicao":"2025-06-04T21:45:57.803611-03:00","tipo":4,"regime_tramitacao":1,"tipo_origem_externa":null,"local_origem_externa":null,"user":9,"anexadas":[],"autores":[78]}