{"id":4580,"__str__":"Indica\u00e7\u00e3o n\u00ba 341 de 2022","link_detail_backend":"/materia/4580","metadata":{},"numero":341,"ano":2022,"numero_protocolo":null,"data_apresentacao":"2022-07-18","tipo_apresentacao":"E","data_publicacao":null,"numero_origem_externa":"","ano_origem_externa":null,"data_origem_externa":null,"apelido":"","dias_prazo":null,"data_fim_prazo":null,"em_tramitacao":false,"polemica":false,"objeto":"","complementar":false,"ementa":"INDICAM AO PODER EXECUTIVO MUNICIPAL JUNTAMENTE COM A SECRETARIA MUNICIPAL DE SA\u00daDE, ANALISE A POSSIBILIDADE DE CRIA\u00c7\u00c3O DE PROJETO DE LEI QUE ESTABELE\u00c7A A PR\u00c1TICA DE TERAPIAS INTEGRATIVAS E COMPLEMENTAR A POPULA\u00c7\u00c3O DE MANHUA\u00c7U, COMO ARTETERAPIA, REIKI, MUSICOTERAPIA, TRATAMENTO OSTEOP\u00c1TICO, E TRATAMENTO QUIROPR\u00c1TICO.","indexacao":"","observacao":"JUSTIFICATIVA: Por meio da Pol\u00edtica Nacional de Pr\u00e1ticas Integrativas e complementares (PNPIC), o Minist\u00e9rio da Sa\u00fade reconhece oficialmente a import\u00e2ncia das manifesta\u00e7\u00f5es populares em sa\u00fade e a chamada medicina n\u00e3o convencional, considerada como pr\u00e1tica voltada \u00e0 sa\u00fade e ao equil\u00edbrio vital do homem.\r\nOs servi\u00e7os s\u00e3o oferecidos por iniciativa local, mas recebem financiamento do Minist\u00e9rio da Sa\u00fade por meio do Piso de Aten\u00e7\u00e3o B\u00e1sica (PAB) de cada munic\u00edpio. De acordo com a OMS, terapia alternativa significa que ela \u00e9 utilizada em substitui\u00e7\u00e3o \u00e0s pr\u00e1ticas da medicina convencional, j\u00e1 a terapia complementar \u00e9 utilizada em associa\u00e7\u00e3o com a medicina convencional, e n\u00e3o para substitu\u00ed-la. O termo integrativo \u00e9 usado quando h\u00e1 associa\u00e7\u00e3o da terapia m\u00e9dica convencional aos m\u00e9todos complementares ou alternativos a partir de evid\u00eancias cient\u00edficas.\r\nDesta forma, certo de contar com a aprova\u00e7\u00e3o dos Nobres da presente indica\u00e7\u00e3o, e do bom senso e vis\u00e3o do Excelent\u00edssima Prefeita Municipal e da Secret\u00e1ria Municipal de Sa\u00fade, reiteramos os votos de estima e apre\u00e7o","resultado":"","texto_original":"http://sapl.manhuacu.mg.leg.br/media/sapl/public/materialegislativa/2022/4580/341-2022.pdf","data_ultima_atualizacao":"2022-08-08T17:20:50.296092-03:00","ip":"186.192.8.84","ultima_edicao":"2022-08-08T17:20:50.180452-03:00","tipo":4,"regime_tramitacao":1,"tipo_origem_externa":null,"local_origem_externa":null,"user":9,"anexadas":[],"autores":[15,50]}