{"id":2103,"__str__":"Mo\u00e7\u00e3o n\u00ba 7 de 2021","link_detail_backend":"/materia/2103","metadata":{},"numero":7,"ano":2021,"numero_protocolo":null,"data_apresentacao":"2021-01-12","tipo_apresentacao":"","data_publicacao":null,"numero_origem_externa":"","ano_origem_externa":null,"data_origem_externa":null,"apelido":"","dias_prazo":null,"data_fim_prazo":null,"em_tramitacao":false,"polemica":false,"objeto":"","complementar":false,"ementa":"Mo\u00e7\u00e3o de Reconhecimento P\u00fablico ao Administrador JEHU DE AGUILAR, eleito novo Presidente do Conselho Regional de Administra\u00e7\u00e3o de Minas Gerais, no Bi\u00eanio 2021/2022.","indexacao":"","observacao":"","resultado":"","texto_original":"http://sapl.manhuacu.mg.leg.br/media/sapl/public/materialegislativa/2021/2103/mocao_no07-2.pdf","data_ultima_atualizacao":"2021-05-27T13:36:18.766301-03:00","ip":"186.192.8.165","ultima_edicao":"2021-05-27T13:36:18.647738-03:00","tipo":5,"regime_tramitacao":2,"tipo_origem_externa":null,"local_origem_externa":null,"user":14,"anexadas":[],"autores":[15]}