{"id":113,"__str__":"Of\u00edcio - Resposta de 22/03/2021 por Ana L\u00edgia de Assis Garcia Secret\u00e1ria da Sa\u00fade","link_detail_backend":"/materia/documentoacessorio/113","metadata":{},"nome":"Resposta","data":"2021-03-22","autor":"Ana L\u00edgia de Assis Garcia Secret\u00e1ria da Sa\u00fade","ementa":"","indexacao":"","arquivo":"http://sapl.manhuacu.mg.leg.br/media/sapl/public/documentoacessorio/2021/113/oficio_resposta_requerimento_09-2021.pdf","data_ultima_atualizacao":"2021-03-22T12:27:59.642502-03:00","materia":2275,"tipo":6}